{"id":9467,"date":"2025-07-11T18:12:13","date_gmt":"2025-07-11T21:12:13","guid":{"rendered":"https:\/\/lalupa24.com.ar\/?p=9467"},"modified":"2025-07-11T18:12:15","modified_gmt":"2025-07-11T21:12:15","slug":"allanamientos-por-robos-a-escuelas-detuvieron-al-principal-investigado","status":"publish","type":"post","link":"https:\/\/lalupa24.com.ar\/index.php\/2025\/07\/11\/allanamientos-por-robos-a-escuelas-detuvieron-al-principal-investigado\/","title":{"rendered":"ALLANAMIENTOS POR ROBOS A ESCUELAS: DETUVIERON AL PRINCIPAL INVESTIGADO"},"content":{"rendered":"\n<p>Esta ma\u00f1ana personal de la Comisar\u00eda Segunda de Barranqueras, con apoyo de varias divisiones policiales, llev\u00f3 adelante un operativo de allanamiento bajo una causa por robo que investiga hechos delictivos contra dos instituciones educativas locales.<\/p>\n\n\n\n<p>El procedimiento fue dispuesto por el Juzgado de Garant\u00edas N\u00b0 02, a cargo de la Dra. Liliana Puppo, en la causa que involucra a un hombre, imputado por robos en perjuicio de la Escuela de Educaci\u00f3n Secundaria N\u00b0 123 \u201cCrucero General Manuel Belgrano\u201d y la Escuela de Educaci\u00f3n Primaria N\u00b0 345 \u201cAlmirante Brown\u201d.<\/p>\n\n\n\n<p>Los allanamientos se realizaron en dos domicilios ubicados sobre la calle San Luis , arrojando resultado positivo. En uno de ellos, se recuper\u00f3 una estufa blanca marca EIFEEL, que hab\u00eda sido sustra\u00edda de uno de los establecimientos.<\/p>\n\n\n\n<p>El operativo fue coordinado por el Ayudante Fiscal Gabriel Gaona, bajo la supervisi\u00f3n del Crio. Mayor Diego Araujo, y cont\u00f3 con recursos humanos y materiales de las comisar\u00edas 1\u00b0, 2\u00b0 y 3\u00b0 de Barranqueras, como as\u00ed tambi\u00e9n de las divisiones C.O.M., Infanter\u00eda y Bomberos.<\/p>\n\n\n\n<p>Por disposici\u00f3n judicial, el artefacto recuperado ser\u00e1 restituido a la E.E.S. N\u00b0 123. La investigaci\u00f3n contin\u00faa para esclarecer los hechos.<\/p>\n","protected":false},"excerpt":{"rendered":"<p>Esta ma\u00f1ana personal de la Comisar\u00eda Segunda de Barranqueras, con apoyo de varias divisiones policiales, llev\u00f3 adelante un operativo de allanamiento bajo una causa por robo que investiga hechos delictivos contra dos instituciones educativas locales. El procedimiento fue dispuesto por el Juzgado de Garant\u00edas N\u00b0 02, a cargo de la Dra. Liliana Puppo, en la [&hellip;]<\/p>\n","protected":false},"author":2,"featured_media":9468,"comment_status":"open","ping_status":"open","sticky":false,"template":"","format":"standard","meta":{"footnotes":""},"categories":[155],"tags":[],"class_list":{"0":"post-9467","1":"post","2":"type-post","3":"status-publish","4":"format-standard","5":"has-post-thumbnail","7":"category-policiales"},"aioseo_notices":[],"_links":{"self":[{"href":"https:\/\/lalupa24.com.ar\/index.php\/wp-json\/wp\/v2\/posts\/9467","targetHints":{"allow":["GET"]}}],"collection":[{"href":"https:\/\/lalupa24.com.ar\/index.php\/wp-json\/wp\/v2\/posts"}],"about":[{"href":"https:\/\/lalupa24.com.ar\/index.php\/wp-json\/wp\/v2\/types\/post"}],"author":[{"embeddable":true,"href":"https:\/\/lalupa24.com.ar\/index.php\/wp-json\/wp\/v2\/users\/2"}],"replies":[{"embeddable":true,"href":"https:\/\/lalupa24.com.ar\/index.php\/wp-json\/wp\/v2\/comments?post=9467"}],"version-history":[{"count":1,"href":"https:\/\/lalupa24.com.ar\/index.php\/wp-json\/wp\/v2\/posts\/9467\/revisions"}],"predecessor-version":[{"id":9469,"href":"https:\/\/lalupa24.com.ar\/index.php\/wp-json\/wp\/v2\/posts\/9467\/revisions\/9469"}],"wp:featuredmedia":[{"embeddable":true,"href":"https:\/\/lalupa24.com.ar\/index.php\/wp-json\/wp\/v2\/media\/9468"}],"wp:attachment":[{"href":"https:\/\/lalupa24.com.ar\/index.php\/wp-json\/wp\/v2\/media?parent=9467"}],"wp:term":[{"taxonomy":"category","embeddable":true,"href":"https:\/\/lalupa24.com.ar\/index.php\/wp-json\/wp\/v2\/categories?post=9467"},{"taxonomy":"post_tag","embeddable":true,"href":"https:\/\/lalupa24.com.ar\/index.php\/wp-json\/wp\/v2\/tags?post=9467"}],"curies":[{"name":"wp","href":"https:\/\/api.w.org\/{rel}","templated":true}]}}