{"id":9486,"date":"2025-07-11T18:16:52","date_gmt":"2025-07-11T21:16:52","guid":{"rendered":"https:\/\/lalupa24.com.ar\/?p=9486"},"modified":"2025-07-11T18:16:53","modified_gmt":"2025-07-11T21:16:53","slug":"feriado-largo-en-agosto-el-gobierno-confirmo-un-nuevo-puente-turistico-en-2025","status":"publish","type":"post","link":"https:\/\/lalupa24.com.ar\/index.php\/2025\/07\/11\/feriado-largo-en-agosto-el-gobierno-confirmo-un-nuevo-puente-turistico-en-2025\/","title":{"rendered":"Feriado largo en agosto: el Gobierno confirm\u00f3 un nuevo \u201cpuente tur\u00edstico\u201d en 2025"},"content":{"rendered":"\n<p>Luego del\u00a0<strong>feriado<\/strong>\u00a0del 9 de Julio, muchos argentinos se preguntan cu\u00e1l ser\u00e1 el pr\u00f3ximo descanso extendido. La respuesta est\u00e1 en el mes de agosto: el Gobierno nacional decret\u00f3 que el\u00a0<strong>viernes 15 de agosto de 2025 ser\u00e1 un d\u00eda no laborable por \u201cpuente tur\u00edstico\u201d<\/strong>, lo que habilita un nuevo\u00a0<strong>fin de semana largo de tres d\u00edas<\/strong>.<\/p>\n\n\n\n<p><\/p>\n","protected":false},"excerpt":{"rendered":"<p>Luego del\u00a0feriado\u00a0del 9 de Julio, muchos argentinos se preguntan cu\u00e1l ser\u00e1 el pr\u00f3ximo descanso extendido. La respuesta est\u00e1 en el mes de agosto: el Gobierno nacional decret\u00f3 que el\u00a0viernes 15 de agosto de 2025 ser\u00e1 un d\u00eda no laborable por \u201cpuente tur\u00edstico\u201d, lo que habilita un nuevo\u00a0fin de semana largo de tres d\u00edas.<\/p>\n","protected":false},"author":2,"featured_media":9487,"comment_status":"open","ping_status":"open","sticky":false,"template":"","format":"standard","meta":{"footnotes":""},"categories":[26],"tags":[],"class_list":{"0":"post-9486","1":"post","2":"type-post","3":"status-publish","4":"format-standard","5":"has-post-thumbnail","7":"category-nacionales"},"aioseo_notices":[],"_links":{"self":[{"href":"https:\/\/lalupa24.com.ar\/index.php\/wp-json\/wp\/v2\/posts\/9486","targetHints":{"allow":["GET"]}}],"collection":[{"href":"https:\/\/lalupa24.com.ar\/index.php\/wp-json\/wp\/v2\/posts"}],"about":[{"href":"https:\/\/lalupa24.com.ar\/index.php\/wp-json\/wp\/v2\/types\/post"}],"author":[{"embeddable":true,"href":"https:\/\/lalupa24.com.ar\/index.php\/wp-json\/wp\/v2\/users\/2"}],"replies":[{"embeddable":true,"href":"https:\/\/lalupa24.com.ar\/index.php\/wp-json\/wp\/v2\/comments?post=9486"}],"version-history":[{"count":1,"href":"https:\/\/lalupa24.com.ar\/index.php\/wp-json\/wp\/v2\/posts\/9486\/revisions"}],"predecessor-version":[{"id":9488,"href":"https:\/\/lalupa24.com.ar\/index.php\/wp-json\/wp\/v2\/posts\/9486\/revisions\/9488"}],"wp:featuredmedia":[{"embeddable":true,"href":"https:\/\/lalupa24.com.ar\/index.php\/wp-json\/wp\/v2\/media\/9487"}],"wp:attachment":[{"href":"https:\/\/lalupa24.com.ar\/index.php\/wp-json\/wp\/v2\/media?parent=9486"}],"wp:term":[{"taxonomy":"category","embeddable":true,"href":"https:\/\/lalupa24.com.ar\/index.php\/wp-json\/wp\/v2\/categories?post=9486"},{"taxonomy":"post_tag","embeddable":true,"href":"https:\/\/lalupa24.com.ar\/index.php\/wp-json\/wp\/v2\/tags?post=9486"}],"curies":[{"name":"wp","href":"https:\/\/api.w.org\/{rel}","templated":true}]}}