{"id":9489,"date":"2025-07-11T18:17:29","date_gmt":"2025-07-11T21:17:29","guid":{"rendered":"https:\/\/lalupa24.com.ar\/?p=9489"},"modified":"2025-07-11T18:17:30","modified_gmt":"2025-07-11T21:17:30","slug":"que-pasara-con-el-dolar-tras-el-video-de-fantino-y-la-aclaracion-de-toto-caputo","status":"publish","type":"post","link":"https:\/\/lalupa24.com.ar\/index.php\/2025\/07\/11\/que-pasara-con-el-dolar-tras-el-video-de-fantino-y-la-aclaracion-de-toto-caputo\/","title":{"rendered":"Qu\u00e9 pasar\u00e1 con el d\u00f3lar tras el video de Fantino y la aclaraci\u00f3n de Toto Caputo"},"content":{"rendered":"\n<p>En las \u00faltimas horas, se gener\u00f3 mucho revuelo por un video de\u00a0<strong>Alejandro Fantino<\/strong>\u00a0en el que supuestamente contaba que habl\u00f3 con\u00a0<strong>Luis Caputo, Ministro de Econom\u00eda<\/strong>. En esa charla, el dirigente pol\u00edtico, aparentemente, le habr\u00eda contado que se ven\u00edan tres meses dif\u00edciles para el pa\u00eds en el\u00a0<strong>\u00e1mbito econ\u00f3mico<\/strong>. Sin embargo, el video que circul\u00f3 en redes sociales ten\u00eda varios recortes que hicieron que los protagonistas tengan que salir a aclarar lo sucedido.<\/p>\n","protected":false},"excerpt":{"rendered":"<p>En las \u00faltimas horas, se gener\u00f3 mucho revuelo por un video de\u00a0Alejandro Fantino\u00a0en el que supuestamente contaba que habl\u00f3 con\u00a0Luis Caputo, Ministro de Econom\u00eda. En esa charla, el dirigente pol\u00edtico, aparentemente, le habr\u00eda contado que se ven\u00edan tres meses dif\u00edciles para el pa\u00eds en el\u00a0\u00e1mbito econ\u00f3mico. Sin embargo, el video que circul\u00f3 en redes sociales [&hellip;]<\/p>\n","protected":false},"author":2,"featured_media":9490,"comment_status":"open","ping_status":"open","sticky":false,"template":"","format":"standard","meta":{"footnotes":""},"categories":[26],"tags":[],"class_list":{"0":"post-9489","1":"post","2":"type-post","3":"status-publish","4":"format-standard","5":"has-post-thumbnail","7":"category-nacionales"},"aioseo_notices":[],"_links":{"self":[{"href":"https:\/\/lalupa24.com.ar\/index.php\/wp-json\/wp\/v2\/posts\/9489","targetHints":{"allow":["GET"]}}],"collection":[{"href":"https:\/\/lalupa24.com.ar\/index.php\/wp-json\/wp\/v2\/posts"}],"about":[{"href":"https:\/\/lalupa24.com.ar\/index.php\/wp-json\/wp\/v2\/types\/post"}],"author":[{"embeddable":true,"href":"https:\/\/lalupa24.com.ar\/index.php\/wp-json\/wp\/v2\/users\/2"}],"replies":[{"embeddable":true,"href":"https:\/\/lalupa24.com.ar\/index.php\/wp-json\/wp\/v2\/comments?post=9489"}],"version-history":[{"count":1,"href":"https:\/\/lalupa24.com.ar\/index.php\/wp-json\/wp\/v2\/posts\/9489\/revisions"}],"predecessor-version":[{"id":9491,"href":"https:\/\/lalupa24.com.ar\/index.php\/wp-json\/wp\/v2\/posts\/9489\/revisions\/9491"}],"wp:featuredmedia":[{"embeddable":true,"href":"https:\/\/lalupa24.com.ar\/index.php\/wp-json\/wp\/v2\/media\/9490"}],"wp:attachment":[{"href":"https:\/\/lalupa24.com.ar\/index.php\/wp-json\/wp\/v2\/media?parent=9489"}],"wp:term":[{"taxonomy":"category","embeddable":true,"href":"https:\/\/lalupa24.com.ar\/index.php\/wp-json\/wp\/v2\/categories?post=9489"},{"taxonomy":"post_tag","embeddable":true,"href":"https:\/\/lalupa24.com.ar\/index.php\/wp-json\/wp\/v2\/tags?post=9489"}],"curies":[{"name":"wp","href":"https:\/\/api.w.org\/{rel}","templated":true}]}}