{"id":9498,"date":"2025-07-11T18:42:43","date_gmt":"2025-07-11T21:42:43","guid":{"rendered":"https:\/\/lalupa24.com.ar\/?p=9498"},"modified":"2025-07-11T18:42:44","modified_gmt":"2025-07-11T21:42:44","slug":"la-cgt-mostro-su-respaldo-a-kicillof-y-acordaron-una-participacion-amplia-y-activa-en-el-armado-electoral","status":"publish","type":"post","link":"https:\/\/lalupa24.com.ar\/index.php\/2025\/07\/11\/la-cgt-mostro-su-respaldo-a-kicillof-y-acordaron-una-participacion-amplia-y-activa-en-el-armado-electoral\/","title":{"rendered":"La CGT mostr\u00f3 su respaldo a Kicillof y acordaron una participaci\u00f3n \u201camplia y activa\u201d en el armado electoral"},"content":{"rendered":"\n<p>Fue una reuni\u00f3n fruct\u00edfera, aunque preliminar: la CGT acord\u00f3 este viernes con Axel Kicillof\u00a0<strong>una participaci\u00f3n \u201camplia y activa\u201d en el armado electoral de Fuerza Patria,\u00a0<\/strong>el frente peronista que debutar\u00e1 en las elecciones bonaerenses del 7 de septiembre pr\u00f3ximo.<\/p>\n","protected":false},"excerpt":{"rendered":"<p>Fue una reuni\u00f3n fruct\u00edfera, aunque preliminar: la CGT acord\u00f3 este viernes con Axel Kicillof\u00a0una participaci\u00f3n \u201camplia y activa\u201d en el armado electoral de Fuerza Patria,\u00a0el frente peronista que debutar\u00e1 en las elecciones bonaerenses del 7 de septiembre pr\u00f3ximo.<\/p>\n","protected":false},"author":2,"featured_media":9499,"comment_status":"open","ping_status":"open","sticky":false,"template":"","format":"standard","meta":{"footnotes":""},"categories":[26],"tags":[],"class_list":{"0":"post-9498","1":"post","2":"type-post","3":"status-publish","4":"format-standard","5":"has-post-thumbnail","7":"category-nacionales"},"aioseo_notices":[],"_links":{"self":[{"href":"https:\/\/lalupa24.com.ar\/index.php\/wp-json\/wp\/v2\/posts\/9498","targetHints":{"allow":["GET"]}}],"collection":[{"href":"https:\/\/lalupa24.com.ar\/index.php\/wp-json\/wp\/v2\/posts"}],"about":[{"href":"https:\/\/lalupa24.com.ar\/index.php\/wp-json\/wp\/v2\/types\/post"}],"author":[{"embeddable":true,"href":"https:\/\/lalupa24.com.ar\/index.php\/wp-json\/wp\/v2\/users\/2"}],"replies":[{"embeddable":true,"href":"https:\/\/lalupa24.com.ar\/index.php\/wp-json\/wp\/v2\/comments?post=9498"}],"version-history":[{"count":1,"href":"https:\/\/lalupa24.com.ar\/index.php\/wp-json\/wp\/v2\/posts\/9498\/revisions"}],"predecessor-version":[{"id":9500,"href":"https:\/\/lalupa24.com.ar\/index.php\/wp-json\/wp\/v2\/posts\/9498\/revisions\/9500"}],"wp:featuredmedia":[{"embeddable":true,"href":"https:\/\/lalupa24.com.ar\/index.php\/wp-json\/wp\/v2\/media\/9499"}],"wp:attachment":[{"href":"https:\/\/lalupa24.com.ar\/index.php\/wp-json\/wp\/v2\/media?parent=9498"}],"wp:term":[{"taxonomy":"category","embeddable":true,"href":"https:\/\/lalupa24.com.ar\/index.php\/wp-json\/wp\/v2\/categories?post=9498"},{"taxonomy":"post_tag","embeddable":true,"href":"https:\/\/lalupa24.com.ar\/index.php\/wp-json\/wp\/v2\/tags?post=9498"}],"curies":[{"name":"wp","href":"https:\/\/api.w.org\/{rel}","templated":true}]}}