{"id":9533,"date":"2025-07-12T02:07:00","date_gmt":"2025-07-12T05:07:00","guid":{"rendered":"https:\/\/lalupa24.com.ar\/?p=9533"},"modified":"2025-07-12T14:08:38","modified_gmt":"2025-07-12T17:08:38","slug":"victoria-villarruel-respondio-las-criticas-de-javier-milei-tras-la-polemica-sesion-en-el-senado-un-jubilado-no-puede-esperar-y-una-discapacitada-menos","status":"publish","type":"post","link":"https:\/\/lalupa24.com.ar\/index.php\/2025\/07\/12\/victoria-villarruel-respondio-las-criticas-de-javier-milei-tras-la-polemica-sesion-en-el-senado-un-jubilado-no-puede-esperar-y-una-discapacitada-menos\/","title":{"rendered":"Victoria Villarruel respondi\u00f3 las cr\u00edticas de Javier Milei tras la pol\u00e9mica sesi\u00f3n en el Senado: \u201cUn jubilado no puede esperar y una discapacitada, menos\u201d"},"content":{"rendered":"\n<p>Tras la sesi\u00f3n en el Senado en la que la oposici\u00f3n logr\u00f3 aprobar un\u00a0<strong>aumento para los jubilados<\/strong>\u00a0y otros proyectos que van a contramano del super\u00e1vit fiscal que impulsa el Gobierno \u2014y que llev\u00f3 al presidente\u00a0<strong>Javier Milei\u00a0<\/strong>a calificar a\u00a0<strong>Victoria Villarruel\u00a0<\/strong>de \u201ctraidora\u201d\u2014, la vicepresidenta respondi\u00f3 con dureza a trav\u00e9s de sus redes sociales.<\/p>\n","protected":false},"excerpt":{"rendered":"<p>Tras la sesi\u00f3n en el Senado en la que la oposici\u00f3n logr\u00f3 aprobar un\u00a0aumento para los jubilados\u00a0y otros proyectos que van a contramano del super\u00e1vit fiscal que impulsa el Gobierno \u2014y que llev\u00f3 al presidente\u00a0Javier Milei\u00a0a calificar a\u00a0Victoria Villarruel\u00a0de \u201ctraidora\u201d\u2014, la vicepresidenta respondi\u00f3 con dureza a trav\u00e9s de sus redes sociales.<\/p>\n","protected":false},"author":2,"featured_media":9534,"comment_status":"open","ping_status":"open","sticky":false,"template":"","format":"standard","meta":{"footnotes":""},"categories":[26],"tags":[],"class_list":{"0":"post-9533","1":"post","2":"type-post","3":"status-publish","4":"format-standard","5":"has-post-thumbnail","7":"category-nacionales"},"aioseo_notices":[],"_links":{"self":[{"href":"https:\/\/lalupa24.com.ar\/index.php\/wp-json\/wp\/v2\/posts\/9533","targetHints":{"allow":["GET"]}}],"collection":[{"href":"https:\/\/lalupa24.com.ar\/index.php\/wp-json\/wp\/v2\/posts"}],"about":[{"href":"https:\/\/lalupa24.com.ar\/index.php\/wp-json\/wp\/v2\/types\/post"}],"author":[{"embeddable":true,"href":"https:\/\/lalupa24.com.ar\/index.php\/wp-json\/wp\/v2\/users\/2"}],"replies":[{"embeddable":true,"href":"https:\/\/lalupa24.com.ar\/index.php\/wp-json\/wp\/v2\/comments?post=9533"}],"version-history":[{"count":1,"href":"https:\/\/lalupa24.com.ar\/index.php\/wp-json\/wp\/v2\/posts\/9533\/revisions"}],"predecessor-version":[{"id":9535,"href":"https:\/\/lalupa24.com.ar\/index.php\/wp-json\/wp\/v2\/posts\/9533\/revisions\/9535"}],"wp:featuredmedia":[{"embeddable":true,"href":"https:\/\/lalupa24.com.ar\/index.php\/wp-json\/wp\/v2\/media\/9534"}],"wp:attachment":[{"href":"https:\/\/lalupa24.com.ar\/index.php\/wp-json\/wp\/v2\/media?parent=9533"}],"wp:term":[{"taxonomy":"category","embeddable":true,"href":"https:\/\/lalupa24.com.ar\/index.php\/wp-json\/wp\/v2\/categories?post=9533"},{"taxonomy":"post_tag","embeddable":true,"href":"https:\/\/lalupa24.com.ar\/index.php\/wp-json\/wp\/v2\/tags?post=9533"}],"curies":[{"name":"wp","href":"https:\/\/api.w.org\/{rel}","templated":true}]}}