{"id":954,"date":"2024-04-23T12:01:30","date_gmt":"2024-04-23T15:01:30","guid":{"rendered":"https:\/\/lalupa24.com.ar\/?p=954"},"modified":"2024-04-23T12:01:31","modified_gmt":"2024-04-23T15:01:31","slug":"tras-temporal-organismos-del-gobierno-asisten-a-pobladores-de-la-eduvigis","status":"publish","type":"post","link":"https:\/\/lalupa24.com.ar\/index.php\/2024\/04\/23\/tras-temporal-organismos-del-gobierno-asisten-a-pobladores-de-la-eduvigis\/","title":{"rendered":"Tras\u00a0 temporal organismos del gobierno asisten a pobladores de la Eduvigis"},"content":{"rendered":"\n<p>Desde este mismo lunes el gobierno provincial, a trav\u00e9s de Vialidad Provincial, Desarrollo Humano, Ministerio de Gobierno, Secheep y dem\u00e1s \u00e1reas del Estado, trabajan en un fuerte operativo de asistencia a la poblaci\u00f3n, luego del temporal que provoc\u00f3 ca\u00edda de \u00e1rboles y postes de luz, voladura de techo y anegamiento de caminos, como ocurri\u00f3 en La Eduvigis y en zonas cercanas.<\/p>\n\n\n\n<p>El administrador de la Direcci\u00f3n de Vialidad Provincial (DVP) Omar Canela brind\u00f3 tambi\u00e9n, este martes, detalles sobre los trabajos de limpieza y asistencia: \u201cPor instrucciones del Gobernador, estamos trabajando en la zona V con un equipo a cargo del ingeniero Walter Cuadra, colaborando con la gente, retirando \u00e1rboles ca\u00eddos, entre todos ayudando con las dem\u00e1s \u00e1reas para paliar estas cuestiones urgentes de la comunidad\u201d, detall\u00f3.<\/p>\n\n\n\n<p>Canela agreg\u00f3 que una vez que mejoren las condiciones clim\u00e1ticas, desde el gobierno provincial, se continuar\u00e1 trabajando en la reconstrucci\u00f3n de los caminos y de las v\u00edas. \u201cVamos a seguir colaborando, junto al personal de Secheep ya que tambi\u00e9n hubo ca\u00edda de postes de luz y se trabaja para reestablecer el servicio\u201d, precis\u00f3. Lo importante es estar a disposici\u00f3n y estar presentes, porque no miramos a otro lado, nos ocupamos y brindamos respuestas ante las demandas\u201d- cerr\u00f3 el Administrador.<\/p>\n","protected":false},"excerpt":{"rendered":"<p>Desde este mismo lunes el gobierno provincial, a trav\u00e9s de Vialidad Provincial, Desarrollo Humano, Ministerio de Gobierno, Secheep y dem\u00e1s \u00e1reas del Estado, trabajan en un fuerte operativo de asistencia a la poblaci\u00f3n, luego del temporal que provoc\u00f3 ca\u00edda de \u00e1rboles y postes de luz, voladura de techo y anegamiento de caminos, como ocurri\u00f3 en [&hellip;]<\/p>\n","protected":false},"author":2,"featured_media":955,"comment_status":"open","ping_status":"open","sticky":false,"template":"","format":"standard","meta":{"footnotes":""},"categories":[28],"tags":[],"class_list":{"0":"post-954","1":"post","2":"type-post","3":"status-publish","4":"format-standard","5":"has-post-thumbnail","7":"category-locales"},"aioseo_notices":[],"_links":{"self":[{"href":"https:\/\/lalupa24.com.ar\/index.php\/wp-json\/wp\/v2\/posts\/954","targetHints":{"allow":["GET"]}}],"collection":[{"href":"https:\/\/lalupa24.com.ar\/index.php\/wp-json\/wp\/v2\/posts"}],"about":[{"href":"https:\/\/lalupa24.com.ar\/index.php\/wp-json\/wp\/v2\/types\/post"}],"author":[{"embeddable":true,"href":"https:\/\/lalupa24.com.ar\/index.php\/wp-json\/wp\/v2\/users\/2"}],"replies":[{"embeddable":true,"href":"https:\/\/lalupa24.com.ar\/index.php\/wp-json\/wp\/v2\/comments?post=954"}],"version-history":[{"count":1,"href":"https:\/\/lalupa24.com.ar\/index.php\/wp-json\/wp\/v2\/posts\/954\/revisions"}],"predecessor-version":[{"id":956,"href":"https:\/\/lalupa24.com.ar\/index.php\/wp-json\/wp\/v2\/posts\/954\/revisions\/956"}],"wp:featuredmedia":[{"embeddable":true,"href":"https:\/\/lalupa24.com.ar\/index.php\/wp-json\/wp\/v2\/media\/955"}],"wp:attachment":[{"href":"https:\/\/lalupa24.com.ar\/index.php\/wp-json\/wp\/v2\/media?parent=954"}],"wp:term":[{"taxonomy":"category","embeddable":true,"href":"https:\/\/lalupa24.com.ar\/index.php\/wp-json\/wp\/v2\/categories?post=954"},{"taxonomy":"post_tag","embeddable":true,"href":"https:\/\/lalupa24.com.ar\/index.php\/wp-json\/wp\/v2\/tags?post=954"}],"curies":[{"name":"wp","href":"https:\/\/api.w.org\/{rel}","templated":true}]}}