{"id":9698,"date":"2025-07-23T13:24:42","date_gmt":"2025-07-23T16:24:42","guid":{"rendered":"https:\/\/lalupa24.com.ar\/?p=9698"},"modified":"2025-07-23T13:24:43","modified_gmt":"2025-07-23T16:24:43","slug":"la-formacion-de-boca-vs-atletico-tucuman-por-copa-argentina","status":"publish","type":"post","link":"https:\/\/lalupa24.com.ar\/index.php\/2025\/07\/23\/la-formacion-de-boca-vs-atletico-tucuman-por-copa-argentina\/","title":{"rendered":"La formaci\u00f3n de Boca vs. Atl\u00e9tico Tucum\u00e1n, por Copa Argentina"},"content":{"rendered":"\n<p>Para este encuentro,&nbsp;Russo planea modificar el esquema t\u00e1ctico.&nbsp;<strong>Dejar\u00e1 atr\u00e1s el 4-2-3-1 de los recientes partidos para regresar al cl\u00e1sico 4-3-3<\/strong>. En el arco, la titularidad de&nbsp;<strong>Agust\u00edn Marches\u00edn<\/strong>&nbsp;est\u00e1 confirmada, a pesar de las especulaciones sobre la posibilidad de darle minutos a Leandro Brey en la Copa Argentina. En el lateral derecho, persiste&nbsp;una duda entre&nbsp;<strong>Juan Barinaga<\/strong>&nbsp;y&nbsp;<strong>Luis Adv\u00edncula<\/strong>, aunque se espera que el ex Belgrano sea de la partida.<\/p>\n\n\n\n<p>La zaga central estar\u00e1 compuesta por&nbsp;<strong>Lautaro Di Lollo y Marco Pellegrino<\/strong>. Si bien Miguelo&nbsp;<a href=\"https:\/\/www.tycsports.com\/boca-juniors\/boca-formacion-once-russo-copa-argentina-atletico-tucuman-id675257.html\" target=\"_blank\" rel=\"noreferrer noopener\">prob\u00f3 con Mateo Mend\u00eda en el entrenamiento del lunes<\/a>, mantendr\u00e1 a Di Lollo. Las&nbsp;<a href=\"https:\/\/www.tycsports.com\/boca-juniors\/ayrton-costa-y-figal-se-perderian-el-partido-de-boca-ante-atletico-tucuman-id675189.html\" target=\"_blank\" rel=\"noreferrer noopener\">bajas por lesi\u00f3n de Nicol\u00e1s Figal y Ayrton Costa<\/a>&nbsp;obligan al entrenador a apostar por estos j\u00f3venes defensores de 21 y 23 a\u00f1os, respectivamente.<\/p>\n","protected":false},"excerpt":{"rendered":"<p>Para este encuentro,&nbsp;Russo planea modificar el esquema t\u00e1ctico.&nbsp;Dejar\u00e1 atr\u00e1s el 4-2-3-1 de los recientes partidos para regresar al cl\u00e1sico 4-3-3. En el arco, la titularidad de&nbsp;Agust\u00edn Marches\u00edn&nbsp;est\u00e1 confirmada, a pesar de las especulaciones sobre la posibilidad de darle minutos a Leandro Brey en la Copa Argentina. En el lateral derecho, persiste&nbsp;una duda entre&nbsp;Juan Barinaga&nbsp;y&nbsp;Luis Adv\u00edncula, [&hellip;]<\/p>\n","protected":false},"author":2,"featured_media":8995,"comment_status":"open","ping_status":"open","sticky":false,"template":"","format":"standard","meta":{"footnotes":""},"categories":[100],"tags":[],"class_list":{"0":"post-9698","1":"post","2":"type-post","3":"status-publish","4":"format-standard","5":"has-post-thumbnail","7":"category-deportes"},"aioseo_notices":[],"_links":{"self":[{"href":"https:\/\/lalupa24.com.ar\/index.php\/wp-json\/wp\/v2\/posts\/9698","targetHints":{"allow":["GET"]}}],"collection":[{"href":"https:\/\/lalupa24.com.ar\/index.php\/wp-json\/wp\/v2\/posts"}],"about":[{"href":"https:\/\/lalupa24.com.ar\/index.php\/wp-json\/wp\/v2\/types\/post"}],"author":[{"embeddable":true,"href":"https:\/\/lalupa24.com.ar\/index.php\/wp-json\/wp\/v2\/users\/2"}],"replies":[{"embeddable":true,"href":"https:\/\/lalupa24.com.ar\/index.php\/wp-json\/wp\/v2\/comments?post=9698"}],"version-history":[{"count":1,"href":"https:\/\/lalupa24.com.ar\/index.php\/wp-json\/wp\/v2\/posts\/9698\/revisions"}],"predecessor-version":[{"id":9699,"href":"https:\/\/lalupa24.com.ar\/index.php\/wp-json\/wp\/v2\/posts\/9698\/revisions\/9699"}],"wp:featuredmedia":[{"embeddable":true,"href":"https:\/\/lalupa24.com.ar\/index.php\/wp-json\/wp\/v2\/media\/8995"}],"wp:attachment":[{"href":"https:\/\/lalupa24.com.ar\/index.php\/wp-json\/wp\/v2\/media?parent=9698"}],"wp:term":[{"taxonomy":"category","embeddable":true,"href":"https:\/\/lalupa24.com.ar\/index.php\/wp-json\/wp\/v2\/categories?post=9698"},{"taxonomy":"post_tag","embeddable":true,"href":"https:\/\/lalupa24.com.ar\/index.php\/wp-json\/wp\/v2\/tags?post=9698"}],"curies":[{"name":"wp","href":"https:\/\/api.w.org\/{rel}","templated":true}]}}