{"id":9715,"date":"2025-07-23T13:46:59","date_gmt":"2025-07-23T16:46:59","guid":{"rendered":"https:\/\/lalupa24.com.ar\/?p=9715"},"modified":"2025-07-23T13:47:00","modified_gmt":"2025-07-23T16:47:00","slug":"cfk-kicillof-y-otros-gobernadores-peronistas-criticaron-los-dichos-del-futuro-embajador-de-los-eeuu-en-argentina","status":"publish","type":"post","link":"https:\/\/lalupa24.com.ar\/index.php\/2025\/07\/23\/cfk-kicillof-y-otros-gobernadores-peronistas-criticaron-los-dichos-del-futuro-embajador-de-los-eeuu-en-argentina\/","title":{"rendered":"CFK, Kicillof y otros gobernadores peronistas criticaron los dichos del futuro embajador de los EEUU en Argentina"},"content":{"rendered":"\n<p><strong>Cristina Kirchner<\/strong>, el gobernador bonaerense\u00a0<strong>Axel Kicillof\u00a0<\/strong>y sus pares\u00a0<strong>Gustavo Melella\u00a0<\/strong>(Tierra del Fuego),\u00a0<strong>Ricardo Quintela<\/strong>\u00a0(La Rioja) y<strong>\u00a0Sergio Ziliotto<\/strong>\u00a0(La Pampa) cuestionaron las declaraciones de\u00a0<strong>Peter Lamelas<\/strong>, nominado por la administraci\u00f3n de\u00a0<strong>Donald Trump\u00a0<\/strong>como pr\u00f3ximo embajador de Estados Unidos en Argentina. Los mandatarios rechazaron los comentarios del diplom\u00e1tico en su audiencia ante el Comit\u00e9 de Relaciones Exteriores del Senado estadounidense, en la que se refiri\u00f3 de forma directa a la ex presidenta y expres\u00f3 su intenci\u00f3n de vincularse con los gobiernos provinciales para limitar la influencia de China en el pa\u00eds.<\/p>\n","protected":false},"excerpt":{"rendered":"<p>Cristina Kirchner, el gobernador bonaerense\u00a0Axel Kicillof\u00a0y sus pares\u00a0Gustavo Melella\u00a0(Tierra del Fuego),\u00a0Ricardo Quintela\u00a0(La Rioja) y\u00a0Sergio Ziliotto\u00a0(La Pampa) cuestionaron las declaraciones de\u00a0Peter Lamelas, nominado por la administraci\u00f3n de\u00a0Donald Trump\u00a0como pr\u00f3ximo embajador de Estados Unidos en Argentina. Los mandatarios rechazaron los comentarios del diplom\u00e1tico en su audiencia ante el Comit\u00e9 de Relaciones Exteriores del Senado estadounidense, en la [&hellip;]<\/p>\n","protected":false},"author":2,"featured_media":9716,"comment_status":"open","ping_status":"open","sticky":false,"template":"","format":"standard","meta":{"footnotes":""},"categories":[26],"tags":[],"class_list":{"0":"post-9715","1":"post","2":"type-post","3":"status-publish","4":"format-standard","5":"has-post-thumbnail","7":"category-nacionales"},"aioseo_notices":[],"_links":{"self":[{"href":"https:\/\/lalupa24.com.ar\/index.php\/wp-json\/wp\/v2\/posts\/9715","targetHints":{"allow":["GET"]}}],"collection":[{"href":"https:\/\/lalupa24.com.ar\/index.php\/wp-json\/wp\/v2\/posts"}],"about":[{"href":"https:\/\/lalupa24.com.ar\/index.php\/wp-json\/wp\/v2\/types\/post"}],"author":[{"embeddable":true,"href":"https:\/\/lalupa24.com.ar\/index.php\/wp-json\/wp\/v2\/users\/2"}],"replies":[{"embeddable":true,"href":"https:\/\/lalupa24.com.ar\/index.php\/wp-json\/wp\/v2\/comments?post=9715"}],"version-history":[{"count":1,"href":"https:\/\/lalupa24.com.ar\/index.php\/wp-json\/wp\/v2\/posts\/9715\/revisions"}],"predecessor-version":[{"id":9717,"href":"https:\/\/lalupa24.com.ar\/index.php\/wp-json\/wp\/v2\/posts\/9715\/revisions\/9717"}],"wp:featuredmedia":[{"embeddable":true,"href":"https:\/\/lalupa24.com.ar\/index.php\/wp-json\/wp\/v2\/media\/9716"}],"wp:attachment":[{"href":"https:\/\/lalupa24.com.ar\/index.php\/wp-json\/wp\/v2\/media?parent=9715"}],"wp:term":[{"taxonomy":"category","embeddable":true,"href":"https:\/\/lalupa24.com.ar\/index.php\/wp-json\/wp\/v2\/categories?post=9715"},{"taxonomy":"post_tag","embeddable":true,"href":"https:\/\/lalupa24.com.ar\/index.php\/wp-json\/wp\/v2\/tags?post=9715"}],"curies":[{"name":"wp","href":"https:\/\/api.w.org\/{rel}","templated":true}]}}