{"id":9718,"date":"2025-07-23T13:47:35","date_gmt":"2025-07-23T16:47:35","guid":{"rendered":"https:\/\/lalupa24.com.ar\/?p=9718"},"modified":"2025-07-23T13:47:37","modified_gmt":"2025-07-23T16:47:37","slug":"patricia-bullrich-no-descarto-ser-candidata-en-octubre-en-caba-y-hablo-de-la-posibilidad-de-una-alianza-con-el-pro","status":"publish","type":"post","link":"https:\/\/lalupa24.com.ar\/index.php\/2025\/07\/23\/patricia-bullrich-no-descarto-ser-candidata-en-octubre-en-caba-y-hablo-de-la-posibilidad-de-una-alianza-con-el-pro\/","title":{"rendered":"Patricia Bullrich no descart\u00f3 ser candidata en octubre en CABA y habl\u00f3 de la posibilidad de una alianza con el PRO"},"content":{"rendered":"\n<p>Mientras en el\u00a0<strong>PRO<\/strong>\u00a0persisten las se\u00f1ales hacia\u00a0<strong>La Libertad Avanza<\/strong>\u00a0para negociar un acuerdo electoral en la ciudad de Buenos Aires,\u00a0<strong>Patricia Bullrich<\/strong>\u00a0se sum\u00f3 con declaraciones que reavivan las especulaciones. La ministra de Seguridad no descart\u00f3 postularse en octubre como candidata porte\u00f1a y reconoci\u00f3 que su posible participaci\u00f3n depender\u00e1 de la estrategia del espacio. \u201cEstoy en un equipo y si me lo piden lo voy a ser\u201d, sostuvo.<\/p>\n","protected":false},"excerpt":{"rendered":"<p>Mientras en el\u00a0PRO\u00a0persisten las se\u00f1ales hacia\u00a0La Libertad Avanza\u00a0para negociar un acuerdo electoral en la ciudad de Buenos Aires,\u00a0Patricia Bullrich\u00a0se sum\u00f3 con declaraciones que reavivan las especulaciones. La ministra de Seguridad no descart\u00f3 postularse en octubre como candidata porte\u00f1a y reconoci\u00f3 que su posible participaci\u00f3n depender\u00e1 de la estrategia del espacio. \u201cEstoy en un equipo y [&hellip;]<\/p>\n","protected":false},"author":2,"featured_media":9719,"comment_status":"open","ping_status":"open","sticky":false,"template":"","format":"standard","meta":{"footnotes":""},"categories":[26],"tags":[],"class_list":{"0":"post-9718","1":"post","2":"type-post","3":"status-publish","4":"format-standard","5":"has-post-thumbnail","7":"category-nacionales"},"aioseo_notices":[],"_links":{"self":[{"href":"https:\/\/lalupa24.com.ar\/index.php\/wp-json\/wp\/v2\/posts\/9718","targetHints":{"allow":["GET"]}}],"collection":[{"href":"https:\/\/lalupa24.com.ar\/index.php\/wp-json\/wp\/v2\/posts"}],"about":[{"href":"https:\/\/lalupa24.com.ar\/index.php\/wp-json\/wp\/v2\/types\/post"}],"author":[{"embeddable":true,"href":"https:\/\/lalupa24.com.ar\/index.php\/wp-json\/wp\/v2\/users\/2"}],"replies":[{"embeddable":true,"href":"https:\/\/lalupa24.com.ar\/index.php\/wp-json\/wp\/v2\/comments?post=9718"}],"version-history":[{"count":1,"href":"https:\/\/lalupa24.com.ar\/index.php\/wp-json\/wp\/v2\/posts\/9718\/revisions"}],"predecessor-version":[{"id":9720,"href":"https:\/\/lalupa24.com.ar\/index.php\/wp-json\/wp\/v2\/posts\/9718\/revisions\/9720"}],"wp:featuredmedia":[{"embeddable":true,"href":"https:\/\/lalupa24.com.ar\/index.php\/wp-json\/wp\/v2\/media\/9719"}],"wp:attachment":[{"href":"https:\/\/lalupa24.com.ar\/index.php\/wp-json\/wp\/v2\/media?parent=9718"}],"wp:term":[{"taxonomy":"category","embeddable":true,"href":"https:\/\/lalupa24.com.ar\/index.php\/wp-json\/wp\/v2\/categories?post=9718"},{"taxonomy":"post_tag","embeddable":true,"href":"https:\/\/lalupa24.com.ar\/index.php\/wp-json\/wp\/v2\/tags?post=9718"}],"curies":[{"name":"wp","href":"https:\/\/api.w.org\/{rel}","templated":true}]}}