{"id":9727,"date":"2025-07-23T13:49:20","date_gmt":"2025-07-23T16:49:20","guid":{"rendered":"https:\/\/lalupa24.com.ar\/?p=9727"},"modified":"2025-07-23T13:49:22","modified_gmt":"2025-07-23T16:49:22","slug":"el-sindicato-de-petroleros-de-neuquen-amenaza-con-realizar-una-protesta-que-paralizara-a-vaca-muerta","status":"publish","type":"post","link":"https:\/\/lalupa24.com.ar\/index.php\/2025\/07\/23\/el-sindicato-de-petroleros-de-neuquen-amenaza-con-realizar-una-protesta-que-paralizara-a-vaca-muerta\/","title":{"rendered":"El Sindicato de Petroleros de Neuqu\u00e9n amenaza con realizar una protesta que paralizar\u00e1 a Vaca Muerta"},"content":{"rendered":"\n<p><strong>Marcelo Rucci<\/strong>\u00a0casi no tuvo tiempo de celebrar su reelecci\u00f3n al frente del\u00a0<strong>Sindicato de Petroleros Privados de R\u00edo Negro, Neuqu\u00e9n y La Pampa.<\/strong>\u00a0Gan\u00f3 con una amplia participaci\u00f3n los comicios de este martes en ese gremio estrat\u00e9gico del sector, pero est\u00e1 por lanzar un<strong>\u00a0paro de actividades en Vaca Muerta\u00a0<\/strong>en protesta por\u00a0<strong>m\u00e1s de 1000 despidos\u00a0<\/strong>que hubo en empresas de la zona.<\/p>\n","protected":false},"excerpt":{"rendered":"<p>Marcelo Rucci\u00a0casi no tuvo tiempo de celebrar su reelecci\u00f3n al frente del\u00a0Sindicato de Petroleros Privados de R\u00edo Negro, Neuqu\u00e9n y La Pampa.\u00a0Gan\u00f3 con una amplia participaci\u00f3n los comicios de este martes en ese gremio estrat\u00e9gico del sector, pero est\u00e1 por lanzar un\u00a0paro de actividades en Vaca Muerta\u00a0en protesta por\u00a0m\u00e1s de 1000 despidos\u00a0que hubo en empresas [&hellip;]<\/p>\n","protected":false},"author":2,"featured_media":9728,"comment_status":"open","ping_status":"open","sticky":false,"template":"","format":"standard","meta":{"footnotes":""},"categories":[26],"tags":[],"class_list":{"0":"post-9727","1":"post","2":"type-post","3":"status-publish","4":"format-standard","5":"has-post-thumbnail","7":"category-nacionales"},"aioseo_notices":[],"_links":{"self":[{"href":"https:\/\/lalupa24.com.ar\/index.php\/wp-json\/wp\/v2\/posts\/9727","targetHints":{"allow":["GET"]}}],"collection":[{"href":"https:\/\/lalupa24.com.ar\/index.php\/wp-json\/wp\/v2\/posts"}],"about":[{"href":"https:\/\/lalupa24.com.ar\/index.php\/wp-json\/wp\/v2\/types\/post"}],"author":[{"embeddable":true,"href":"https:\/\/lalupa24.com.ar\/index.php\/wp-json\/wp\/v2\/users\/2"}],"replies":[{"embeddable":true,"href":"https:\/\/lalupa24.com.ar\/index.php\/wp-json\/wp\/v2\/comments?post=9727"}],"version-history":[{"count":1,"href":"https:\/\/lalupa24.com.ar\/index.php\/wp-json\/wp\/v2\/posts\/9727\/revisions"}],"predecessor-version":[{"id":9729,"href":"https:\/\/lalupa24.com.ar\/index.php\/wp-json\/wp\/v2\/posts\/9727\/revisions\/9729"}],"wp:featuredmedia":[{"embeddable":true,"href":"https:\/\/lalupa24.com.ar\/index.php\/wp-json\/wp\/v2\/media\/9728"}],"wp:attachment":[{"href":"https:\/\/lalupa24.com.ar\/index.php\/wp-json\/wp\/v2\/media?parent=9727"}],"wp:term":[{"taxonomy":"category","embeddable":true,"href":"https:\/\/lalupa24.com.ar\/index.php\/wp-json\/wp\/v2\/categories?post=9727"},{"taxonomy":"post_tag","embeddable":true,"href":"https:\/\/lalupa24.com.ar\/index.php\/wp-json\/wp\/v2\/tags?post=9727"}],"curies":[{"name":"wp","href":"https:\/\/api.w.org\/{rel}","templated":true}]}}