{"id":9845,"date":"2025-07-25T13:03:16","date_gmt":"2025-07-25T16:03:16","guid":{"rendered":"https:\/\/lalupa24.com.ar\/?p=9845"},"modified":"2025-07-25T13:03:18","modified_gmt":"2025-07-25T16:03:18","slug":"polemica-piden-saber-cuanto-costo-el-viaje-de-javier-milei-para-participar-de-la-derecha-fest","status":"publish","type":"post","link":"https:\/\/lalupa24.com.ar\/index.php\/2025\/07\/25\/polemica-piden-saber-cuanto-costo-el-viaje-de-javier-milei-para-participar-de-la-derecha-fest\/","title":{"rendered":"Pol\u00e9mica: piden saber cu\u00e1nto cost\u00f3 el viaje de Javier Milei para participar de La Derecha Fest"},"content":{"rendered":"\n<p>El evento<strong>La Derecha Fest<\/strong>en C\u00f3rdoba sigue dando que hablar. No solo por el dur\u00edsimo discurso de\u00a0<strong>Javier Milei<\/strong>, los insultos a la vice Victoria Villarruel y la expulsi\u00f3n de una periodista de un diario cr\u00edtico del Gobierno. Ahora se sum\u00f3 un pedido de informes en la C\u00e1mara de Diputados de la Naci\u00f3n para saber cu\u00e1nto cost\u00f3 el viaje del presidente.<\/p>\n","protected":false},"excerpt":{"rendered":"<p>El eventoLa Derecha Festen C\u00f3rdoba sigue dando que hablar. No solo por el dur\u00edsimo discurso de\u00a0Javier Milei, los insultos a la vice Victoria Villarruel y la expulsi\u00f3n de una periodista de un diario cr\u00edtico del Gobierno. Ahora se sum\u00f3 un pedido de informes en la C\u00e1mara de Diputados de la Naci\u00f3n para saber cu\u00e1nto cost\u00f3 [&hellip;]<\/p>\n","protected":false},"author":2,"featured_media":9846,"comment_status":"open","ping_status":"open","sticky":false,"template":"","format":"standard","meta":{"footnotes":""},"categories":[26],"tags":[],"class_list":{"0":"post-9845","1":"post","2":"type-post","3":"status-publish","4":"format-standard","5":"has-post-thumbnail","7":"category-nacionales"},"aioseo_notices":[],"_links":{"self":[{"href":"https:\/\/lalupa24.com.ar\/index.php\/wp-json\/wp\/v2\/posts\/9845","targetHints":{"allow":["GET"]}}],"collection":[{"href":"https:\/\/lalupa24.com.ar\/index.php\/wp-json\/wp\/v2\/posts"}],"about":[{"href":"https:\/\/lalupa24.com.ar\/index.php\/wp-json\/wp\/v2\/types\/post"}],"author":[{"embeddable":true,"href":"https:\/\/lalupa24.com.ar\/index.php\/wp-json\/wp\/v2\/users\/2"}],"replies":[{"embeddable":true,"href":"https:\/\/lalupa24.com.ar\/index.php\/wp-json\/wp\/v2\/comments?post=9845"}],"version-history":[{"count":1,"href":"https:\/\/lalupa24.com.ar\/index.php\/wp-json\/wp\/v2\/posts\/9845\/revisions"}],"predecessor-version":[{"id":9847,"href":"https:\/\/lalupa24.com.ar\/index.php\/wp-json\/wp\/v2\/posts\/9845\/revisions\/9847"}],"wp:featuredmedia":[{"embeddable":true,"href":"https:\/\/lalupa24.com.ar\/index.php\/wp-json\/wp\/v2\/media\/9846"}],"wp:attachment":[{"href":"https:\/\/lalupa24.com.ar\/index.php\/wp-json\/wp\/v2\/media?parent=9845"}],"wp:term":[{"taxonomy":"category","embeddable":true,"href":"https:\/\/lalupa24.com.ar\/index.php\/wp-json\/wp\/v2\/categories?post=9845"},{"taxonomy":"post_tag","embeddable":true,"href":"https:\/\/lalupa24.com.ar\/index.php\/wp-json\/wp\/v2\/tags?post=9845"}],"curies":[{"name":"wp","href":"https:\/\/api.w.org\/{rel}","templated":true}]}}