{"id":9858,"date":"2025-07-25T13:16:28","date_gmt":"2025-07-25T16:16:28","guid":{"rendered":"https:\/\/lalupa24.com.ar\/?p=9858"},"modified":"2025-07-25T13:16:29","modified_gmt":"2025-07-25T16:16:29","slug":"el-peronismo-bonaerense-tendra-su-primera-foto-de-unidad-axel-kicillof-compartira-un-acto-con-mayra-mendoza","status":"publish","type":"post","link":"https:\/\/lalupa24.com.ar\/index.php\/2025\/07\/25\/el-peronismo-bonaerense-tendra-su-primera-foto-de-unidad-axel-kicillof-compartira-un-acto-con-mayra-mendoza\/","title":{"rendered":"El peronismo bonaerense tendr\u00e1 su primera foto de unidad: Axel Kicillof compartir\u00e1 un acto con Mayra Mendoza"},"content":{"rendered":"\n<p>El gobernador bonaerense,\u00a0<strong>Axel Kicillof<\/strong>, cierra la primera semana de campa\u00f1a, tras el vertiginoso cierre de listas, con una serie de recorridas este viernes por la poderosa Tercera Secci\u00f3n Electoral y buscar\u00e1 aplacar las diferencias internas cuando por la tarde comparta un acto con la intendenta de Quilmes,\u00a0<strong>Mayra Mendoza<\/strong>; la referencia fuerte de\u00a0<strong>Cristina Kirchner<\/strong>\u00a0en territorio bonaerense.<\/p>\n","protected":false},"excerpt":{"rendered":"<p>El gobernador bonaerense,\u00a0Axel Kicillof, cierra la primera semana de campa\u00f1a, tras el vertiginoso cierre de listas, con una serie de recorridas este viernes por la poderosa Tercera Secci\u00f3n Electoral y buscar\u00e1 aplacar las diferencias internas cuando por la tarde comparta un acto con la intendenta de Quilmes,\u00a0Mayra Mendoza; la referencia fuerte de\u00a0Cristina Kirchner\u00a0en territorio bonaerense.<\/p>\n","protected":false},"author":2,"featured_media":9859,"comment_status":"open","ping_status":"open","sticky":false,"template":"","format":"standard","meta":{"footnotes":""},"categories":[26],"tags":[],"class_list":{"0":"post-9858","1":"post","2":"type-post","3":"status-publish","4":"format-standard","5":"has-post-thumbnail","7":"category-nacionales"},"aioseo_notices":[],"_links":{"self":[{"href":"https:\/\/lalupa24.com.ar\/index.php\/wp-json\/wp\/v2\/posts\/9858","targetHints":{"allow":["GET"]}}],"collection":[{"href":"https:\/\/lalupa24.com.ar\/index.php\/wp-json\/wp\/v2\/posts"}],"about":[{"href":"https:\/\/lalupa24.com.ar\/index.php\/wp-json\/wp\/v2\/types\/post"}],"author":[{"embeddable":true,"href":"https:\/\/lalupa24.com.ar\/index.php\/wp-json\/wp\/v2\/users\/2"}],"replies":[{"embeddable":true,"href":"https:\/\/lalupa24.com.ar\/index.php\/wp-json\/wp\/v2\/comments?post=9858"}],"version-history":[{"count":1,"href":"https:\/\/lalupa24.com.ar\/index.php\/wp-json\/wp\/v2\/posts\/9858\/revisions"}],"predecessor-version":[{"id":9860,"href":"https:\/\/lalupa24.com.ar\/index.php\/wp-json\/wp\/v2\/posts\/9858\/revisions\/9860"}],"wp:featuredmedia":[{"embeddable":true,"href":"https:\/\/lalupa24.com.ar\/index.php\/wp-json\/wp\/v2\/media\/9859"}],"wp:attachment":[{"href":"https:\/\/lalupa24.com.ar\/index.php\/wp-json\/wp\/v2\/media?parent=9858"}],"wp:term":[{"taxonomy":"category","embeddable":true,"href":"https:\/\/lalupa24.com.ar\/index.php\/wp-json\/wp\/v2\/categories?post=9858"},{"taxonomy":"post_tag","embeddable":true,"href":"https:\/\/lalupa24.com.ar\/index.php\/wp-json\/wp\/v2\/tags?post=9858"}],"curies":[{"name":"wp","href":"https:\/\/api.w.org\/{rel}","templated":true}]}}