{"id":9867,"date":"2025-07-25T13:19:59","date_gmt":"2025-07-25T16:19:59","guid":{"rendered":"https:\/\/lalupa24.com.ar\/?p=9867"},"modified":"2025-07-25T13:20:01","modified_gmt":"2025-07-25T16:20:01","slug":"donald-trump-afirmo-que-el-grupo-terrorista-hamas-no-quiere-alcanzar-un-acuerdo-con-israel-creo-que-quieren-morir","status":"publish","type":"post","link":"https:\/\/lalupa24.com.ar\/index.php\/2025\/07\/25\/donald-trump-afirmo-que-el-grupo-terrorista-hamas-no-quiere-alcanzar-un-acuerdo-con-israel-creo-que-quieren-morir\/","title":{"rendered":"Donald Trump afirm\u00f3 que el grupo terrorista Hamas no quiere alcanzar un acuerdo con Israel: \u201cCreo que quieren morir\u201d"},"content":{"rendered":"\n<p>Antes de las declaraciones de Trump, el primer ministro israel\u00ed,&nbsp;<strong>Benjamin Netanyahu<\/strong>, reiter\u00f3 que Hamas constituye un \u201c<strong>obst\u00e1culo<\/strong>\u201d para un acuerdo de liberaci\u00f3n de los rehenes retenidos en la Franja de Gaza.<\/p>\n\n\n\n<p>\u201c<strong>El enviado especial para Medio Oriente, Steve Witkoff, acert\u00f3. Hamas es el obst\u00e1culo para un acuerdo de liberaci\u00f3n de los rehenes<\/strong>\u201d, declar\u00f3 en un comunicado.<\/p>\n\n\n\n<p>Y agreg\u00f3: \u201cEn colaboraci\u00f3n con nuestros aliados estadounidenses,&nbsp;<strong>estamos estudiando actualmente otras opciones para traer de vuelta a nuestros rehenes<\/strong>, poner fin al r\u00e9gimen terrorista de Hamas y garantizar una paz duradera para Israel y nuestra regi\u00f3n\u201d.<\/p>\n","protected":false},"excerpt":{"rendered":"<p>Antes de las declaraciones de Trump, el primer ministro israel\u00ed,&nbsp;Benjamin Netanyahu, reiter\u00f3 que Hamas constituye un \u201cobst\u00e1culo\u201d para un acuerdo de liberaci\u00f3n de los rehenes retenidos en la Franja de Gaza. \u201cEl enviado especial para Medio Oriente, Steve Witkoff, acert\u00f3. Hamas es el obst\u00e1culo para un acuerdo de liberaci\u00f3n de los rehenes\u201d, declar\u00f3 en un [&hellip;]<\/p>\n","protected":false},"author":2,"featured_media":9868,"comment_status":"open","ping_status":"open","sticky":false,"template":"","format":"standard","meta":{"footnotes":""},"categories":[25],"tags":[],"class_list":{"0":"post-9867","1":"post","2":"type-post","3":"status-publish","4":"format-standard","5":"has-post-thumbnail","7":"category-internacionales"},"aioseo_notices":[],"_links":{"self":[{"href":"https:\/\/lalupa24.com.ar\/index.php\/wp-json\/wp\/v2\/posts\/9867","targetHints":{"allow":["GET"]}}],"collection":[{"href":"https:\/\/lalupa24.com.ar\/index.php\/wp-json\/wp\/v2\/posts"}],"about":[{"href":"https:\/\/lalupa24.com.ar\/index.php\/wp-json\/wp\/v2\/types\/post"}],"author":[{"embeddable":true,"href":"https:\/\/lalupa24.com.ar\/index.php\/wp-json\/wp\/v2\/users\/2"}],"replies":[{"embeddable":true,"href":"https:\/\/lalupa24.com.ar\/index.php\/wp-json\/wp\/v2\/comments?post=9867"}],"version-history":[{"count":1,"href":"https:\/\/lalupa24.com.ar\/index.php\/wp-json\/wp\/v2\/posts\/9867\/revisions"}],"predecessor-version":[{"id":9869,"href":"https:\/\/lalupa24.com.ar\/index.php\/wp-json\/wp\/v2\/posts\/9867\/revisions\/9869"}],"wp:featuredmedia":[{"embeddable":true,"href":"https:\/\/lalupa24.com.ar\/index.php\/wp-json\/wp\/v2\/media\/9868"}],"wp:attachment":[{"href":"https:\/\/lalupa24.com.ar\/index.php\/wp-json\/wp\/v2\/media?parent=9867"}],"wp:term":[{"taxonomy":"category","embeddable":true,"href":"https:\/\/lalupa24.com.ar\/index.php\/wp-json\/wp\/v2\/categories?post=9867"},{"taxonomy":"post_tag","embeddable":true,"href":"https:\/\/lalupa24.com.ar\/index.php\/wp-json\/wp\/v2\/tags?post=9867"}],"curies":[{"name":"wp","href":"https:\/\/api.w.org\/{rel}","templated":true}]}}