{"id":9973,"date":"2025-07-28T15:52:21","date_gmt":"2025-07-28T18:52:21","guid":{"rendered":"https:\/\/lalupa24.com.ar\/?p=9973"},"modified":"2025-07-28T15:52:22","modified_gmt":"2025-07-28T18:52:22","slug":"murio-javier-herrera-bravo-ex-funcionario-del-gobierno-de-javier-milei","status":"publish","type":"post","link":"https:\/\/lalupa24.com.ar\/index.php\/2025\/07\/28\/murio-javier-herrera-bravo-ex-funcionario-del-gobierno-de-javier-milei\/","title":{"rendered":"Muri\u00f3 Javier Herrera Bravo, ex funcionario del gobierno de Javier Milei"},"content":{"rendered":"\n<p>A los 57 a\u00f1os, muri\u00f3\u00a0<strong>Javier Herrera Bravo<\/strong>, ex secretario de Legal y T\u00e9cnica del gobierno de Javier Milei. La noticia se conoci\u00f3 esta ma\u00f1ana y gener\u00f3 un fuerte impacto en el mundo de la pol\u00edtica. Al momento de su deceso, el ex funcionario estaba acompa\u00f1ado por su familia.<\/p>\n","protected":false},"excerpt":{"rendered":"<p>A los 57 a\u00f1os, muri\u00f3\u00a0Javier Herrera Bravo, ex secretario de Legal y T\u00e9cnica del gobierno de Javier Milei. La noticia se conoci\u00f3 esta ma\u00f1ana y gener\u00f3 un fuerte impacto en el mundo de la pol\u00edtica. Al momento de su deceso, el ex funcionario estaba acompa\u00f1ado por su familia.<\/p>\n","protected":false},"author":2,"featured_media":9974,"comment_status":"open","ping_status":"open","sticky":false,"template":"","format":"standard","meta":{"footnotes":""},"categories":[26],"tags":[],"class_list":{"0":"post-9973","1":"post","2":"type-post","3":"status-publish","4":"format-standard","5":"has-post-thumbnail","7":"category-nacionales"},"aioseo_notices":[],"_links":{"self":[{"href":"https:\/\/lalupa24.com.ar\/index.php\/wp-json\/wp\/v2\/posts\/9973","targetHints":{"allow":["GET"]}}],"collection":[{"href":"https:\/\/lalupa24.com.ar\/index.php\/wp-json\/wp\/v2\/posts"}],"about":[{"href":"https:\/\/lalupa24.com.ar\/index.php\/wp-json\/wp\/v2\/types\/post"}],"author":[{"embeddable":true,"href":"https:\/\/lalupa24.com.ar\/index.php\/wp-json\/wp\/v2\/users\/2"}],"replies":[{"embeddable":true,"href":"https:\/\/lalupa24.com.ar\/index.php\/wp-json\/wp\/v2\/comments?post=9973"}],"version-history":[{"count":1,"href":"https:\/\/lalupa24.com.ar\/index.php\/wp-json\/wp\/v2\/posts\/9973\/revisions"}],"predecessor-version":[{"id":9975,"href":"https:\/\/lalupa24.com.ar\/index.php\/wp-json\/wp\/v2\/posts\/9973\/revisions\/9975"}],"wp:featuredmedia":[{"embeddable":true,"href":"https:\/\/lalupa24.com.ar\/index.php\/wp-json\/wp\/v2\/media\/9974"}],"wp:attachment":[{"href":"https:\/\/lalupa24.com.ar\/index.php\/wp-json\/wp\/v2\/media?parent=9973"}],"wp:term":[{"taxonomy":"category","embeddable":true,"href":"https:\/\/lalupa24.com.ar\/index.php\/wp-json\/wp\/v2\/categories?post=9973"},{"taxonomy":"post_tag","embeddable":true,"href":"https:\/\/lalupa24.com.ar\/index.php\/wp-json\/wp\/v2\/tags?post=9973"}],"curies":[{"name":"wp","href":"https:\/\/api.w.org\/{rel}","templated":true}]}}