{"id":998,"date":"2024-03-04T01:23:19","date_gmt":"2024-03-04T04:23:19","guid":{"rendered":"https:\/\/lalupa24.com.ar\/?p=998"},"modified":"2024-04-24T01:25:55","modified_gmt":"2024-04-24T04:25:55","slug":"chorotis-el-gobernador-entrego-una-vivienda-adaptada","status":"publish","type":"post","link":"https:\/\/lalupa24.com.ar\/index.php\/2024\/03\/04\/chorotis-el-gobernador-entrego-una-vivienda-adaptada\/","title":{"rendered":"CHOROTIS: EL GOBERNADOR ENTREG\u00d3 UNA VIVIENDA ADAPTADA"},"content":{"rendered":"\n<p>El gobernador Leandro Zdero, realiz\u00f3 m\u00faltiples actividades ayer en la localidad de Chorotis, entre ellas, la entrega de una vivienda adaptada para una familia que esper\u00f3, hace m\u00e1s de 10 a\u00f1os, para recibirla y en este sentido, se\u00f1al\u00f3 el compromiso de \u201ccumplir una deuda con una persona con discapacidad que estaba esperando su casa y hoy finalmente Daiana puede disfrutarla- expres\u00f3 el mandatario provincial.<\/p>\n\n\n\n<p>Adem\u00e1s a\u00f1adi\u00f3: \u201cHoy es un derecho adquirido, tiene su vivienda, por eso quiero tambi\u00e9n felicitar al intendente Ariel Hofstetter por la gesti\u00f3n\u201d, agreg\u00f3.<\/p>\n\n\n\n<p>Por su parte, Daiana Pav\u00f3n fue la vecina beneficiada con una vivienda adaptada, quien agradeci\u00f3 al gobierno provincial por esta entrega para ella y su familia, porque \u201chace 10 a\u00f1os estamos esperando esta casa, que est\u00e1 muy linda y nosotros estamos muy contentos, ahora a disfrutarla. Estoy muy agradecida con el gobernador\u201d.<\/p>\n\n\n\n<p>La entrega de esta vivienda adaptada ser\u00e1 de mucho beneficio y garantiza el acceso con condiciones adecuadas y adaptadas a sus necesidades y de esta manera vivir de manera m\u00e1s independiente para lograr una mejor calidad de vida.<\/p>\n\n\n\n<p>Acompa\u00f1aron al gobernador, en esta recorrida, la vicegobernadora Silvana Schneider; la presidente de la Legislatura Carmen Delgado; el ministro de Salud, Sergio Rodr\u00edguez; la presidente de IPRODICH, Ana Mar\u00eda Mitoire; el intendente de Chorotis, Ariel Hofstetter, el concejal Walter Veliz y vecinos de la zona.<\/p>\n","protected":false},"excerpt":{"rendered":"<p>El gobernador Leandro Zdero, realiz\u00f3 m\u00faltiples actividades ayer en la localidad de Chorotis, entre ellas, la entrega de una vivienda adaptada para una familia que esper\u00f3, hace m\u00e1s de 10 a\u00f1os, para recibirla y en este sentido, se\u00f1al\u00f3 el compromiso de \u201ccumplir una deuda con una persona con discapacidad que estaba esperando su casa y [&hellip;]<\/p>\n","protected":false},"author":2,"featured_media":999,"comment_status":"open","ping_status":"open","sticky":false,"template":"","format":"standard","meta":{"footnotes":""},"categories":[28],"tags":[],"class_list":{"0":"post-998","1":"post","2":"type-post","3":"status-publish","4":"format-standard","5":"has-post-thumbnail","7":"category-locales"},"aioseo_notices":[],"_links":{"self":[{"href":"https:\/\/lalupa24.com.ar\/index.php\/wp-json\/wp\/v2\/posts\/998","targetHints":{"allow":["GET"]}}],"collection":[{"href":"https:\/\/lalupa24.com.ar\/index.php\/wp-json\/wp\/v2\/posts"}],"about":[{"href":"https:\/\/lalupa24.com.ar\/index.php\/wp-json\/wp\/v2\/types\/post"}],"author":[{"embeddable":true,"href":"https:\/\/lalupa24.com.ar\/index.php\/wp-json\/wp\/v2\/users\/2"}],"replies":[{"embeddable":true,"href":"https:\/\/lalupa24.com.ar\/index.php\/wp-json\/wp\/v2\/comments?post=998"}],"version-history":[{"count":1,"href":"https:\/\/lalupa24.com.ar\/index.php\/wp-json\/wp\/v2\/posts\/998\/revisions"}],"predecessor-version":[{"id":1000,"href":"https:\/\/lalupa24.com.ar\/index.php\/wp-json\/wp\/v2\/posts\/998\/revisions\/1000"}],"wp:featuredmedia":[{"embeddable":true,"href":"https:\/\/lalupa24.com.ar\/index.php\/wp-json\/wp\/v2\/media\/999"}],"wp:attachment":[{"href":"https:\/\/lalupa24.com.ar\/index.php\/wp-json\/wp\/v2\/media?parent=998"}],"wp:term":[{"taxonomy":"category","embeddable":true,"href":"https:\/\/lalupa24.com.ar\/index.php\/wp-json\/wp\/v2\/categories?post=998"},{"taxonomy":"post_tag","embeddable":true,"href":"https:\/\/lalupa24.com.ar\/index.php\/wp-json\/wp\/v2\/tags?post=998"}],"curies":[{"name":"wp","href":"https:\/\/api.w.org\/{rel}","templated":true}]}}