{"id":9995,"date":"2025-07-28T16:00:29","date_gmt":"2025-07-28T19:00:29","guid":{"rendered":"https:\/\/lalupa24.com.ar\/?p=9995"},"modified":"2025-07-28T16:00:31","modified_gmt":"2025-07-28T19:00:31","slug":"con-un-gran-trabajo-de-la-policia-culmino-con-exito-la-28-edicion-de-la-cabalgata-de-la-fe","status":"publish","type":"post","link":"https:\/\/lalupa24.com.ar\/index.php\/2025\/07\/28\/con-un-gran-trabajo-de-la-policia-culmino-con-exito-la-28-edicion-de-la-cabalgata-de-la-fe\/","title":{"rendered":"CON UN GRAN TRABAJO DE LA POLIC\u00cdA CULMIN\u00d3 CON \u00c9XITO LA 28\u00b0 EDICI\u00d3N DE LA CABALGATA DE LA FE"},"content":{"rendered":"\n<p>En la tarde de este domingo, y con un clima con precipitaciones que no fueron obst\u00e1culo para el desarrollo de la 28\u00b0 Edici\u00f3n de la Cabalgata de la F\u00e9, la tradicional fiesta popular que une las localidades de Quitilipi y Pampa del Indio donde re\u00fane a agrupaciones gauchas, familias chaque\u00f1as y visitantes de otras provincias en un recorrido en honor a San Pantale\u00f3n, finaliz\u00f3 sin ning\u00fan tipo de inconvenientes la gran peregrinaci\u00f3n en el interior provincial.<\/p>\n\n\n\n<p>El Ministro de Seguridad de la Provincia del Chaco, Hugo Matkovich manifest\u00f3: \u201cQueremos agradecer a todos los que han participado y fundamentalmente un reconocimiento a la Polic\u00eda de la Provincia del Chaco que ha trabajado y que nos ha brindado seguridad a los que cabalgamos y los que participamos de esta hermosa fiesta popular\u201d.<\/p>\n\n\n\n<p>Cabe destacar, que fueron tres d\u00edas de trabajo, con un despliegue de m\u00e1s de 400 efectivos de diferentes unidades, y que a pesar de las condiciones clim\u00e1ticas, llevaron adelante las tareas de manera exitosa para garantizar la seguridad de los peregrinos que se hicieron presentes de diferentes partes de la provincia y de la Argentina.<\/p>\n","protected":false},"excerpt":{"rendered":"<p>En la tarde de este domingo, y con un clima con precipitaciones que no fueron obst\u00e1culo para el desarrollo de la 28\u00b0 Edici\u00f3n de la Cabalgata de la F\u00e9, la tradicional fiesta popular que une las localidades de Quitilipi y Pampa del Indio donde re\u00fane a agrupaciones gauchas, familias chaque\u00f1as y visitantes de otras provincias [&hellip;]<\/p>\n","protected":false},"author":2,"featured_media":9996,"comment_status":"open","ping_status":"open","sticky":false,"template":"","format":"standard","meta":{"footnotes":""},"categories":[155],"tags":[],"class_list":{"0":"post-9995","1":"post","2":"type-post","3":"status-publish","4":"format-standard","5":"has-post-thumbnail","7":"category-policiales"},"aioseo_notices":[],"_links":{"self":[{"href":"https:\/\/lalupa24.com.ar\/index.php\/wp-json\/wp\/v2\/posts\/9995","targetHints":{"allow":["GET"]}}],"collection":[{"href":"https:\/\/lalupa24.com.ar\/index.php\/wp-json\/wp\/v2\/posts"}],"about":[{"href":"https:\/\/lalupa24.com.ar\/index.php\/wp-json\/wp\/v2\/types\/post"}],"author":[{"embeddable":true,"href":"https:\/\/lalupa24.com.ar\/index.php\/wp-json\/wp\/v2\/users\/2"}],"replies":[{"embeddable":true,"href":"https:\/\/lalupa24.com.ar\/index.php\/wp-json\/wp\/v2\/comments?post=9995"}],"version-history":[{"count":1,"href":"https:\/\/lalupa24.com.ar\/index.php\/wp-json\/wp\/v2\/posts\/9995\/revisions"}],"predecessor-version":[{"id":9997,"href":"https:\/\/lalupa24.com.ar\/index.php\/wp-json\/wp\/v2\/posts\/9995\/revisions\/9997"}],"wp:featuredmedia":[{"embeddable":true,"href":"https:\/\/lalupa24.com.ar\/index.php\/wp-json\/wp\/v2\/media\/9996"}],"wp:attachment":[{"href":"https:\/\/lalupa24.com.ar\/index.php\/wp-json\/wp\/v2\/media?parent=9995"}],"wp:term":[{"taxonomy":"category","embeddable":true,"href":"https:\/\/lalupa24.com.ar\/index.php\/wp-json\/wp\/v2\/categories?post=9995"},{"taxonomy":"post_tag","embeddable":true,"href":"https:\/\/lalupa24.com.ar\/index.php\/wp-json\/wp\/v2\/tags?post=9995"}],"curies":[{"name":"wp","href":"https:\/\/api.w.org\/{rel}","templated":true}]}}